{"id":2123,"date":"2026-04-26T19:05:30","date_gmt":"2026-04-26T19:05:30","guid":{"rendered":"https:\/\/isdi-ks.com\/?p=2123"},"modified":"2026-04-26T19:05:31","modified_gmt":"2026-04-26T19:05:31","slug":"thirrje-per-aplikim-konferenca-nderkombetare-dhe-nderdisiplinore-vjetore-e-21-te-drejt-nje-shoqerie-inteligjente-sfidat-dhe-mundesite","status":"publish","type":"post","link":"https:\/\/isdi-ks.com\/index.php\/2026\/04\/26\/thirrje-per-aplikim-konferenca-nderkombetare-dhe-nderdisiplinore-vjetore-e-21-te-drejt-nje-shoqerie-inteligjente-sfidat-dhe-mundesite\/","title":{"rendered":"Thirrje p\u00ebr aplikim \u2013 Konferenca Nd\u00ebrkomb\u00ebtare dhe Nd\u00ebrdisiplinore (Vjetore e 21-t\u00eb) \u201cDrejt nj\u00eb Shoq\u00ebrie Inteligjente: Sfidat dhe Mund\u00ebsit\u00eb\u201d"},"content":{"rendered":"<p>u njoftojm\u00eb se Konferenca Nd\u00ebrkomb\u00ebtare dhe Nd\u00ebrdisiplinore (Vjetore e 21-t\u00eb) me tem\u00eb \u201cDrejt nj\u00eb Shoq\u00ebrie Inteligjente: Sfidat dhe Mund\u00ebsit\u00eb\u201d do t\u00eb mbahet m\u00eb 22\u201323 maj 2026 n\u00eb Universiteti \u201cFehmi Agani\u201d n\u00eb Gjakov\u00eb.<\/p><p>N\u00eb k\u00ebt\u00eb konferenc\u00eb marrin pjes\u00eb m\u00eb shum\u00eb se 20 institucione partnere, p\u00ebrfshir\u00eb edhe Institutin e Sociologjis\u00eb, K\u00ebrkimeve Demografike dhe Inovacionit (ISDI), i cili \u00ebsht\u00eb partner i konferenc\u00ebs nga viti 2022.<\/p><p>Konferenca p\u00ebrfshin 13 sesione t\u00eb ve\u00e7anta, sesione plenare dhe fol\u00ebs t\u00eb ftuar nga fusha t\u00eb ndryshme akademike dhe profesionale.<\/p><p>Afati i fundit p\u00ebr dor\u00ebzimin e abstraktit \u00ebsht\u00eb 22 prill 2026, ora 24:00 GMT.<\/p><p>Sqarojm\u00eb se dor\u00ebzimi i punimit t\u00eb plot\u00eb nuk \u00ebsht\u00eb kusht p\u00ebr regjistrim dhe pjes\u00ebmarrje n\u00eb konferenc\u00eb. Megjithat\u00eb, pjes\u00ebmarr\u00ebsit q\u00eb d\u00ebshirojn\u00eb t\u00eb publikojn\u00eb punimin e plot\u00eb me kod ISBN n\u00eb Proceedings ose me kod ISSN n\u00eb revist\u00ebn shkencore \u201cSocial Studies\u201d, duhet ta dor\u00ebzojn\u00eb at\u00eb s\u00eb paku 40 dit\u00eb para mbajtjes s\u00eb konferenc\u00ebs.<\/p><p>P\u00ebr m\u00eb shum\u00eb detaje rreth konferenc\u00ebs dhe thirrjes p\u00ebr pjes\u00ebmarrje, vizitoni:<br><a href=\"https:\/\/www.sociology.al\/sq\/konferenca\/thirrje-p%C3%ABr-pjes%C3%ABmarrje\" target=\"_blank\" rel=\"noreferrer noopener\">https:\/\/www.sociology.al\/sq\/konferenca\/thirrje-p%C3%ABr-pjes%C3%ABmarrje<\/a><\/p><figure class=\"wp-block-image size-large\"><img fetchpriority=\"high\" decoding=\"async\" width=\"724\" height=\"1024\" src=\"https:\/\/isdi-ks.com\/wp-content\/uploads\/2026\/04\/22-724x1024.png\" alt=\"\" class=\"wp-image-2124\" srcset=\"https:\/\/isdi-ks.com\/wp-content\/uploads\/2026\/04\/22-724x1024.png 724w, https:\/\/isdi-ks.com\/wp-content\/uploads\/2026\/04\/22-768x1086.png 768w, https:\/\/isdi-ks.com\/wp-content\/uploads\/2026\/04\/22-600x849.png 600w, https:\/\/isdi-ks.com\/wp-content\/uploads\/2026\/04\/22.png 1587w\" sizes=\"(max-width: 724px) 100vw, 724px\" \/><\/figure>","protected":false},"excerpt":{"rendered":"<p>u njoftojm\u00eb se Konferenca Nd\u00ebrkomb\u00ebtare dhe Nd\u00ebrdisiplinore (Vjetore e 21-t\u00eb) me tem\u00eb \u201cDrejt nj\u00eb Shoq\u00ebrie Inteligjente: Sfidat dhe Mund\u00ebsit\u00eb\u201d do t\u00eb mbahet m\u00eb 22\u201323 maj 2026 n\u00eb Universiteti \u201cFehmi Agani\u201d [&hellip;]<\/p>\n","protected":false},"author":1,"featured_media":0,"comment_status":"open","ping_status":"open","sticky":false,"template":"","format":"standard","meta":{"footnotes":""},"categories":[1],"tags":[],"class_list":["post-2123","post","type-post","status-publish","format-standard","hentry","category-blog"],"yoast_head":"<!-- This site is optimized with the Yoast SEO plugin v24.3 - https:\/\/yoast.com\/wordpress\/plugins\/seo\/ -->\n<title>Thirrje p\u00ebr aplikim \u2013 Konferenca Nd\u00ebrkomb\u00ebtare dhe Nd\u00ebrdisiplinore (Vjetore e 21-t\u00eb) \u201cDrejt nj\u00eb Shoq\u00ebrie Inteligjente: Sfidat dhe Mund\u00ebsit\u00eb\u201d - Isdi<\/title>\n<meta name=\"robots\" content=\"index, follow, max-snippet:-1, max-image-preview:large, max-video-preview:-1\" \/>\n<link rel=\"canonical\" href=\"https:\/\/isdi-ks.com\/index.php\/2026\/04\/26\/thirrje-per-aplikim-konferenca-nderkombetare-dhe-nderdisiplinore-vjetore-e-21-te-drejt-nje-shoqerie-inteligjente-sfidat-dhe-mundesite\/\" \/>\n<meta property=\"og:locale\" content=\"en_US\" \/>\n<meta property=\"og:type\" content=\"article\" \/>\n<meta property=\"og:title\" content=\"Thirrje p\u00ebr aplikim \u2013 Konferenca Nd\u00ebrkomb\u00ebtare dhe Nd\u00ebrdisiplinore (Vjetore e 21-t\u00eb) \u201cDrejt nj\u00eb Shoq\u00ebrie Inteligjente: Sfidat dhe Mund\u00ebsit\u00eb\u201d - Isdi\" \/>\n<meta property=\"og:description\" content=\"u njoftojm\u00eb se Konferenca Nd\u00ebrkomb\u00ebtare dhe Nd\u00ebrdisiplinore (Vjetore e 21-t\u00eb) me tem\u00eb \u201cDrejt nj\u00eb Shoq\u00ebrie Inteligjente: Sfidat dhe Mund\u00ebsit\u00eb\u201d do t\u00eb mbahet m\u00eb 22\u201323 maj 2026 n\u00eb Universiteti \u201cFehmi Agani\u201d [&hellip;]\" \/>\n<meta property=\"og:url\" content=\"https:\/\/isdi-ks.com\/index.php\/2026\/04\/26\/thirrje-per-aplikim-konferenca-nderkombetare-dhe-nderdisiplinore-vjetore-e-21-te-drejt-nje-shoqerie-inteligjente-sfidat-dhe-mundesite\/\" \/>\n<meta property=\"og:site_name\" content=\"Isdi\" \/>\n<meta property=\"article:published_time\" content=\"2026-04-26T19:05:30+00:00\" \/>\n<meta property=\"article:modified_time\" content=\"2026-04-26T19:05:31+00:00\" \/>\n<meta property=\"og:image\" content=\"https:\/\/isdi-ks.com\/wp-content\/uploads\/2026\/04\/22-724x1024.png\" \/>\n\t<meta property=\"og:image:width\" content=\"724\" \/>\n\t<meta property=\"og:image:height\" content=\"1024\" \/>\n\t<meta property=\"og:image:type\" content=\"image\/png\" \/>\n<meta name=\"author\" content=\"isdi\" \/>\n<meta name=\"twitter:card\" content=\"summary_large_image\" \/>\n<meta name=\"twitter:label1\" content=\"Written by\" \/>\n\t<meta name=\"twitter:data1\" content=\"isdi\" \/>\n\t<meta name=\"twitter:label2\" content=\"Est. reading time\" \/>\n\t<meta name=\"twitter:data2\" content=\"1 minute\" \/>\n<script type=\"application\/ld+json\" class=\"yoast-schema-graph\">{\"@context\":\"https:\/\/schema.org\",\"@graph\":[{\"@type\":\"Article\",\"@id\":\"https:\/\/isdi-ks.com\/index.php\/2026\/04\/26\/thirrje-per-aplikim-konferenca-nderkombetare-dhe-nderdisiplinore-vjetore-e-21-te-drejt-nje-shoqerie-inteligjente-sfidat-dhe-mundesite\/#article\",\"isPartOf\":{\"@id\":\"https:\/\/isdi-ks.com\/index.php\/2026\/04\/26\/thirrje-per-aplikim-konferenca-nderkombetare-dhe-nderdisiplinore-vjetore-e-21-te-drejt-nje-shoqerie-inteligjente-sfidat-dhe-mundesite\/\"},\"author\":{\"name\":\"isdi\",\"@id\":\"https:\/\/isdi-ks.com\/#\/schema\/person\/15a4b20b9480d6d8118c32aca1adcac6\"},\"headline\":\"Thirrje p\u00ebr aplikim \u2013 Konferenca Nd\u00ebrkomb\u00ebtare dhe Nd\u00ebrdisiplinore (Vjetore e 21-t\u00eb) \u201cDrejt nj\u00eb Shoq\u00ebrie Inteligjente: Sfidat dhe Mund\u00ebsit\u00eb\u201d\",\"datePublished\":\"2026-04-26T19:05:30+00:00\",\"dateModified\":\"2026-04-26T19:05:31+00:00\",\"mainEntityOfPage\":{\"@id\":\"https:\/\/isdi-ks.com\/index.php\/2026\/04\/26\/thirrje-per-aplikim-konferenca-nderkombetare-dhe-nderdisiplinore-vjetore-e-21-te-drejt-nje-shoqerie-inteligjente-sfidat-dhe-mundesite\/\"},\"wordCount\":209,\"commentCount\":0,\"publisher\":{\"@id\":\"https:\/\/isdi-ks.com\/#organization\"},\"image\":{\"@id\":\"https:\/\/isdi-ks.com\/index.php\/2026\/04\/26\/thirrje-per-aplikim-konferenca-nderkombetare-dhe-nderdisiplinore-vjetore-e-21-te-drejt-nje-shoqerie-inteligjente-sfidat-dhe-mundesite\/#primaryimage\"},\"thumbnailUrl\":\"https:\/\/isdi-ks.com\/wp-content\/uploads\/2026\/04\/22-724x1024.png\",\"articleSection\":[\"Blog\"],\"inLanguage\":\"en-US\",\"potentialAction\":[{\"@type\":\"CommentAction\",\"name\":\"Comment\",\"target\":[\"https:\/\/isdi-ks.com\/index.php\/2026\/04\/26\/thirrje-per-aplikim-konferenca-nderkombetare-dhe-nderdisiplinore-vjetore-e-21-te-drejt-nje-shoqerie-inteligjente-sfidat-dhe-mundesite\/#respond\"]}]},{\"@type\":\"WebPage\",\"@id\":\"https:\/\/isdi-ks.com\/index.php\/2026\/04\/26\/thirrje-per-aplikim-konferenca-nderkombetare-dhe-nderdisiplinore-vjetore-e-21-te-drejt-nje-shoqerie-inteligjente-sfidat-dhe-mundesite\/\",\"url\":\"https:\/\/isdi-ks.com\/index.php\/2026\/04\/26\/thirrje-per-aplikim-konferenca-nderkombetare-dhe-nderdisiplinore-vjetore-e-21-te-drejt-nje-shoqerie-inteligjente-sfidat-dhe-mundesite\/\",\"name\":\"Thirrje p\u00ebr aplikim \u2013 Konferenca Nd\u00ebrkomb\u00ebtare dhe Nd\u00ebrdisiplinore (Vjetore e 21-t\u00eb) \u201cDrejt nj\u00eb Shoq\u00ebrie Inteligjente: Sfidat dhe Mund\u00ebsit\u00eb\u201d - Isdi\",\"isPartOf\":{\"@id\":\"https:\/\/isdi-ks.com\/#website\"},\"primaryImageOfPage\":{\"@id\":\"https:\/\/isdi-ks.com\/index.php\/2026\/04\/26\/thirrje-per-aplikim-konferenca-nderkombetare-dhe-nderdisiplinore-vjetore-e-21-te-drejt-nje-shoqerie-inteligjente-sfidat-dhe-mundesite\/#primaryimage\"},\"image\":{\"@id\":\"https:\/\/isdi-ks.com\/index.php\/2026\/04\/26\/thirrje-per-aplikim-konferenca-nderkombetare-dhe-nderdisiplinore-vjetore-e-21-te-drejt-nje-shoqerie-inteligjente-sfidat-dhe-mundesite\/#primaryimage\"},\"thumbnailUrl\":\"https:\/\/isdi-ks.com\/wp-content\/uploads\/2026\/04\/22-724x1024.png\",\"datePublished\":\"2026-04-26T19:05:30+00:00\",\"dateModified\":\"2026-04-26T19:05:31+00:00\",\"breadcrumb\":{\"@id\":\"https:\/\/isdi-ks.com\/index.php\/2026\/04\/26\/thirrje-per-aplikim-konferenca-nderkombetare-dhe-nderdisiplinore-vjetore-e-21-te-drejt-nje-shoqerie-inteligjente-sfidat-dhe-mundesite\/#breadcrumb\"},\"inLanguage\":\"en-US\",\"potentialAction\":[{\"@type\":\"ReadAction\",\"target\":[\"https:\/\/isdi-ks.com\/index.php\/2026\/04\/26\/thirrje-per-aplikim-konferenca-nderkombetare-dhe-nderdisiplinore-vjetore-e-21-te-drejt-nje-shoqerie-inteligjente-sfidat-dhe-mundesite\/\"]}]},{\"@type\":\"ImageObject\",\"inLanguage\":\"en-US\",\"@id\":\"https:\/\/isdi-ks.com\/index.php\/2026\/04\/26\/thirrje-per-aplikim-konferenca-nderkombetare-dhe-nderdisiplinore-vjetore-e-21-te-drejt-nje-shoqerie-inteligjente-sfidat-dhe-mundesite\/#primaryimage\",\"url\":\"https:\/\/isdi-ks.com\/wp-content\/uploads\/2026\/04\/22.png\",\"contentUrl\":\"https:\/\/isdi-ks.com\/wp-content\/uploads\/2026\/04\/22.png\",\"width\":1587,\"height\":2245},{\"@type\":\"BreadcrumbList\",\"@id\":\"https:\/\/isdi-ks.com\/index.php\/2026\/04\/26\/thirrje-per-aplikim-konferenca-nderkombetare-dhe-nderdisiplinore-vjetore-e-21-te-drejt-nje-shoqerie-inteligjente-sfidat-dhe-mundesite\/#breadcrumb\",\"itemListElement\":[{\"@type\":\"ListItem\",\"position\":1,\"name\":\"Home\",\"item\":\"https:\/\/isdi-ks.com\/index.php\/sq\/home-4\/\"},{\"@type\":\"ListItem\",\"position\":2,\"name\":\"Thirrje p\u00ebr aplikim \u2013 Konferenca Nd\u00ebrkomb\u00ebtare dhe Nd\u00ebrdisiplinore (Vjetore e 21-t\u00eb) \u201cDrejt nj\u00eb Shoq\u00ebrie Inteligjente: Sfidat dhe Mund\u00ebsit\u00eb\u201d\"}]},{\"@type\":\"WebSite\",\"@id\":\"https:\/\/isdi-ks.com\/#website\",\"url\":\"https:\/\/isdi-ks.com\/\",\"name\":\"Instituti ISDI\",\"description\":\"Instituti ISDI\",\"publisher\":{\"@id\":\"https:\/\/isdi-ks.com\/#organization\"},\"potentialAction\":[{\"@type\":\"SearchAction\",\"target\":{\"@type\":\"EntryPoint\",\"urlTemplate\":\"https:\/\/isdi-ks.com\/?s={search_term_string}\"},\"query-input\":{\"@type\":\"PropertyValueSpecification\",\"valueRequired\":true,\"valueName\":\"search_term_string\"}}],\"inLanguage\":\"en-US\"},{\"@type\":\"Organization\",\"@id\":\"https:\/\/isdi-ks.com\/#organization\",\"name\":\"Instituti ISDI\",\"url\":\"https:\/\/isdi-ks.com\/\",\"logo\":{\"@type\":\"ImageObject\",\"inLanguage\":\"en-US\",\"@id\":\"https:\/\/isdi-ks.com\/#\/schema\/logo\/image\/\",\"url\":\"https:\/\/isdi-ks.com\/wp-content\/uploads\/2024\/01\/image_6487327-2.png\",\"contentUrl\":\"https:\/\/isdi-ks.com\/wp-content\/uploads\/2024\/01\/image_6487327-2.png\",\"width\":733,\"height\":470,\"caption\":\"Instituti ISDI\"},\"image\":{\"@id\":\"https:\/\/isdi-ks.com\/#\/schema\/logo\/image\/\"}},{\"@type\":\"Person\",\"@id\":\"https:\/\/isdi-ks.com\/#\/schema\/person\/15a4b20b9480d6d8118c32aca1adcac6\",\"name\":\"isdi\",\"image\":{\"@type\":\"ImageObject\",\"inLanguage\":\"en-US\",\"@id\":\"https:\/\/isdi-ks.com\/#\/schema\/person\/image\/\",\"url\":\"https:\/\/secure.gravatar.com\/avatar\/12c41b26327b868dc80afeab112fb13a?s=96&d=mm&r=g\",\"contentUrl\":\"https:\/\/secure.gravatar.com\/avatar\/12c41b26327b868dc80afeab112fb13a?s=96&d=mm&r=g\",\"caption\":\"isdi\"},\"sameAs\":[\"https:\/\/isdi-ks.com\"],\"url\":\"https:\/\/isdi-ks.com\/index.php\/author\/isdi\/\"}]}<\/script>\n<!-- \/ Yoast SEO plugin. -->","yoast_head_json":{"title":"Thirrje p\u00ebr aplikim \u2013 Konferenca Nd\u00ebrkomb\u00ebtare dhe Nd\u00ebrdisiplinore (Vjetore e 21-t\u00eb) \u201cDrejt nj\u00eb Shoq\u00ebrie Inteligjente: Sfidat dhe Mund\u00ebsit\u00eb\u201d - Isdi","robots":{"index":"index","follow":"follow","max-snippet":"max-snippet:-1","max-image-preview":"max-image-preview:large","max-video-preview":"max-video-preview:-1"},"canonical":"https:\/\/isdi-ks.com\/index.php\/2026\/04\/26\/thirrje-per-aplikim-konferenca-nderkombetare-dhe-nderdisiplinore-vjetore-e-21-te-drejt-nje-shoqerie-inteligjente-sfidat-dhe-mundesite\/","og_locale":"en_US","og_type":"article","og_title":"Thirrje p\u00ebr aplikim \u2013 Konferenca Nd\u00ebrkomb\u00ebtare dhe Nd\u00ebrdisiplinore (Vjetore e 21-t\u00eb) \u201cDrejt nj\u00eb Shoq\u00ebrie Inteligjente: Sfidat dhe Mund\u00ebsit\u00eb\u201d - Isdi","og_description":"u njoftojm\u00eb se Konferenca Nd\u00ebrkomb\u00ebtare dhe Nd\u00ebrdisiplinore (Vjetore e 21-t\u00eb) me tem\u00eb \u201cDrejt nj\u00eb Shoq\u00ebrie Inteligjente: Sfidat dhe Mund\u00ebsit\u00eb\u201d do t\u00eb mbahet m\u00eb 22\u201323 maj 2026 n\u00eb Universiteti \u201cFehmi Agani\u201d [&hellip;]","og_url":"https:\/\/isdi-ks.com\/index.php\/2026\/04\/26\/thirrje-per-aplikim-konferenca-nderkombetare-dhe-nderdisiplinore-vjetore-e-21-te-drejt-nje-shoqerie-inteligjente-sfidat-dhe-mundesite\/","og_site_name":"Isdi","article_published_time":"2026-04-26T19:05:30+00:00","article_modified_time":"2026-04-26T19:05:31+00:00","og_image":[{"width":724,"height":1024,"url":"https:\/\/isdi-ks.com\/wp-content\/uploads\/2026\/04\/22-724x1024.png","type":"image\/png"}],"author":"isdi","twitter_card":"summary_large_image","twitter_misc":{"Written by":"isdi","Est. reading time":"1 minute"},"schema":{"@context":"https:\/\/schema.org","@graph":[{"@type":"Article","@id":"https:\/\/isdi-ks.com\/index.php\/2026\/04\/26\/thirrje-per-aplikim-konferenca-nderkombetare-dhe-nderdisiplinore-vjetore-e-21-te-drejt-nje-shoqerie-inteligjente-sfidat-dhe-mundesite\/#article","isPartOf":{"@id":"https:\/\/isdi-ks.com\/index.php\/2026\/04\/26\/thirrje-per-aplikim-konferenca-nderkombetare-dhe-nderdisiplinore-vjetore-e-21-te-drejt-nje-shoqerie-inteligjente-sfidat-dhe-mundesite\/"},"author":{"name":"isdi","@id":"https:\/\/isdi-ks.com\/#\/schema\/person\/15a4b20b9480d6d8118c32aca1adcac6"},"headline":"Thirrje p\u00ebr aplikim \u2013 Konferenca Nd\u00ebrkomb\u00ebtare dhe Nd\u00ebrdisiplinore (Vjetore e 21-t\u00eb) \u201cDrejt nj\u00eb Shoq\u00ebrie Inteligjente: Sfidat dhe Mund\u00ebsit\u00eb\u201d","datePublished":"2026-04-26T19:05:30+00:00","dateModified":"2026-04-26T19:05:31+00:00","mainEntityOfPage":{"@id":"https:\/\/isdi-ks.com\/index.php\/2026\/04\/26\/thirrje-per-aplikim-konferenca-nderkombetare-dhe-nderdisiplinore-vjetore-e-21-te-drejt-nje-shoqerie-inteligjente-sfidat-dhe-mundesite\/"},"wordCount":209,"commentCount":0,"publisher":{"@id":"https:\/\/isdi-ks.com\/#organization"},"image":{"@id":"https:\/\/isdi-ks.com\/index.php\/2026\/04\/26\/thirrje-per-aplikim-konferenca-nderkombetare-dhe-nderdisiplinore-vjetore-e-21-te-drejt-nje-shoqerie-inteligjente-sfidat-dhe-mundesite\/#primaryimage"},"thumbnailUrl":"https:\/\/isdi-ks.com\/wp-content\/uploads\/2026\/04\/22-724x1024.png","articleSection":["Blog"],"inLanguage":"en-US","potentialAction":[{"@type":"CommentAction","name":"Comment","target":["https:\/\/isdi-ks.com\/index.php\/2026\/04\/26\/thirrje-per-aplikim-konferenca-nderkombetare-dhe-nderdisiplinore-vjetore-e-21-te-drejt-nje-shoqerie-inteligjente-sfidat-dhe-mundesite\/#respond"]}]},{"@type":"WebPage","@id":"https:\/\/isdi-ks.com\/index.php\/2026\/04\/26\/thirrje-per-aplikim-konferenca-nderkombetare-dhe-nderdisiplinore-vjetore-e-21-te-drejt-nje-shoqerie-inteligjente-sfidat-dhe-mundesite\/","url":"https:\/\/isdi-ks.com\/index.php\/2026\/04\/26\/thirrje-per-aplikim-konferenca-nderkombetare-dhe-nderdisiplinore-vjetore-e-21-te-drejt-nje-shoqerie-inteligjente-sfidat-dhe-mundesite\/","name":"Thirrje p\u00ebr aplikim \u2013 Konferenca Nd\u00ebrkomb\u00ebtare dhe Nd\u00ebrdisiplinore (Vjetore e 21-t\u00eb) \u201cDrejt nj\u00eb Shoq\u00ebrie Inteligjente: Sfidat dhe Mund\u00ebsit\u00eb\u201d - Isdi","isPartOf":{"@id":"https:\/\/isdi-ks.com\/#website"},"primaryImageOfPage":{"@id":"https:\/\/isdi-ks.com\/index.php\/2026\/04\/26\/thirrje-per-aplikim-konferenca-nderkombetare-dhe-nderdisiplinore-vjetore-e-21-te-drejt-nje-shoqerie-inteligjente-sfidat-dhe-mundesite\/#primaryimage"},"image":{"@id":"https:\/\/isdi-ks.com\/index.php\/2026\/04\/26\/thirrje-per-aplikim-konferenca-nderkombetare-dhe-nderdisiplinore-vjetore-e-21-te-drejt-nje-shoqerie-inteligjente-sfidat-dhe-mundesite\/#primaryimage"},"thumbnailUrl":"https:\/\/isdi-ks.com\/wp-content\/uploads\/2026\/04\/22-724x1024.png","datePublished":"2026-04-26T19:05:30+00:00","dateModified":"2026-04-26T19:05:31+00:00","breadcrumb":{"@id":"https:\/\/isdi-ks.com\/index.php\/2026\/04\/26\/thirrje-per-aplikim-konferenca-nderkombetare-dhe-nderdisiplinore-vjetore-e-21-te-drejt-nje-shoqerie-inteligjente-sfidat-dhe-mundesite\/#breadcrumb"},"inLanguage":"en-US","potentialAction":[{"@type":"ReadAction","target":["https:\/\/isdi-ks.com\/index.php\/2026\/04\/26\/thirrje-per-aplikim-konferenca-nderkombetare-dhe-nderdisiplinore-vjetore-e-21-te-drejt-nje-shoqerie-inteligjente-sfidat-dhe-mundesite\/"]}]},{"@type":"ImageObject","inLanguage":"en-US","@id":"https:\/\/isdi-ks.com\/index.php\/2026\/04\/26\/thirrje-per-aplikim-konferenca-nderkombetare-dhe-nderdisiplinore-vjetore-e-21-te-drejt-nje-shoqerie-inteligjente-sfidat-dhe-mundesite\/#primaryimage","url":"https:\/\/isdi-ks.com\/wp-content\/uploads\/2026\/04\/22.png","contentUrl":"https:\/\/isdi-ks.com\/wp-content\/uploads\/2026\/04\/22.png","width":1587,"height":2245},{"@type":"BreadcrumbList","@id":"https:\/\/isdi-ks.com\/index.php\/2026\/04\/26\/thirrje-per-aplikim-konferenca-nderkombetare-dhe-nderdisiplinore-vjetore-e-21-te-drejt-nje-shoqerie-inteligjente-sfidat-dhe-mundesite\/#breadcrumb","itemListElement":[{"@type":"ListItem","position":1,"name":"Home","item":"https:\/\/isdi-ks.com\/index.php\/sq\/home-4\/"},{"@type":"ListItem","position":2,"name":"Thirrje p\u00ebr aplikim \u2013 Konferenca Nd\u00ebrkomb\u00ebtare dhe Nd\u00ebrdisiplinore (Vjetore e 21-t\u00eb) \u201cDrejt nj\u00eb Shoq\u00ebrie Inteligjente: Sfidat dhe Mund\u00ebsit\u00eb\u201d"}]},{"@type":"WebSite","@id":"https:\/\/isdi-ks.com\/#website","url":"https:\/\/isdi-ks.com\/","name":"Instituti ISDI","description":"Instituti ISDI","publisher":{"@id":"https:\/\/isdi-ks.com\/#organization"},"potentialAction":[{"@type":"SearchAction","target":{"@type":"EntryPoint","urlTemplate":"https:\/\/isdi-ks.com\/?s={search_term_string}"},"query-input":{"@type":"PropertyValueSpecification","valueRequired":true,"valueName":"search_term_string"}}],"inLanguage":"en-US"},{"@type":"Organization","@id":"https:\/\/isdi-ks.com\/#organization","name":"Instituti ISDI","url":"https:\/\/isdi-ks.com\/","logo":{"@type":"ImageObject","inLanguage":"en-US","@id":"https:\/\/isdi-ks.com\/#\/schema\/logo\/image\/","url":"https:\/\/isdi-ks.com\/wp-content\/uploads\/2024\/01\/image_6487327-2.png","contentUrl":"https:\/\/isdi-ks.com\/wp-content\/uploads\/2024\/01\/image_6487327-2.png","width":733,"height":470,"caption":"Instituti ISDI"},"image":{"@id":"https:\/\/isdi-ks.com\/#\/schema\/logo\/image\/"}},{"@type":"Person","@id":"https:\/\/isdi-ks.com\/#\/schema\/person\/15a4b20b9480d6d8118c32aca1adcac6","name":"isdi","image":{"@type":"ImageObject","inLanguage":"en-US","@id":"https:\/\/isdi-ks.com\/#\/schema\/person\/image\/","url":"https:\/\/secure.gravatar.com\/avatar\/12c41b26327b868dc80afeab112fb13a?s=96&d=mm&r=g","contentUrl":"https:\/\/secure.gravatar.com\/avatar\/12c41b26327b868dc80afeab112fb13a?s=96&d=mm&r=g","caption":"isdi"},"sameAs":["https:\/\/isdi-ks.com"],"url":"https:\/\/isdi-ks.com\/index.php\/author\/isdi\/"}]}},"_links":{"self":[{"href":"https:\/\/isdi-ks.com\/index.php\/wp-json\/wp\/v2\/posts\/2123","targetHints":{"allow":["GET"]}}],"collection":[{"href":"https:\/\/isdi-ks.com\/index.php\/wp-json\/wp\/v2\/posts"}],"about":[{"href":"https:\/\/isdi-ks.com\/index.php\/wp-json\/wp\/v2\/types\/post"}],"author":[{"embeddable":true,"href":"https:\/\/isdi-ks.com\/index.php\/wp-json\/wp\/v2\/users\/1"}],"replies":[{"embeddable":true,"href":"https:\/\/isdi-ks.com\/index.php\/wp-json\/wp\/v2\/comments?post=2123"}],"version-history":[{"count":1,"href":"https:\/\/isdi-ks.com\/index.php\/wp-json\/wp\/v2\/posts\/2123\/revisions"}],"predecessor-version":[{"id":2125,"href":"https:\/\/isdi-ks.com\/index.php\/wp-json\/wp\/v2\/posts\/2123\/revisions\/2125"}],"wp:attachment":[{"href":"https:\/\/isdi-ks.com\/index.php\/wp-json\/wp\/v2\/media?parent=2123"}],"wp:term":[{"taxonomy":"category","embeddable":true,"href":"https:\/\/isdi-ks.com\/index.php\/wp-json\/wp\/v2\/categories?post=2123"},{"taxonomy":"post_tag","embeddable":true,"href":"https:\/\/isdi-ks.com\/index.php\/wp-json\/wp\/v2\/tags?post=2123"}],"curies":[{"name":"wp","href":"https:\/\/api.w.org\/{rel}","templated":true}]}}